{"id":2855,"date":"2026-09-01T09:13:23","date_gmt":"2026-09-01T12:13:23","guid":{"rendered":"https:\/\/ajuspto.com.br\/portal\/?p=2855"},"modified":"2026-09-01T09:13:25","modified_gmt":"2026-09-01T12:13:25","slug":"palavra-do-presidente-a-forca-do-voto-do-servidor-publico-nas-eleicoes-2026","status":"publish","type":"post","link":"https:\/\/ajuspto.com.br\/portal\/2026\/09\/01\/palavra-do-presidente-a-forca-do-voto-do-servidor-publico-nas-eleicoes-2026\/","title":{"rendered":"Palavra do Presidente: a for\u00e7a do voto do servidor p\u00fablico nas elei\u00e7\u00f5es 2026"},"content":{"rendered":"\t\t<div data-elementor-type=\"wp-post\" data-elementor-id=\"2855\" class=\"elementor elementor-2855\" data-elementor-post-type=\"post\">\n\t\t\t\t\t\t<section class=\"elementor-section elementor-top-section elementor-element elementor-element-f69662d elementor-section-boxed elementor-section-height-default elementor-section-height-default\" data-id=\"f69662d\" data-element_type=\"section\">\n\t\t\t\t\t\t<div class=\"elementor-container elementor-column-gap-default\">\n\t\t\t\t\t<div class=\"elementor-column elementor-col-100 elementor-top-column elementor-element elementor-element-2954b5f\" data-id=\"2954b5f\" data-element_type=\"column\">\n\t\t\t<div class=\"elementor-widget-wrap elementor-element-populated\">\n\t\t\t\t\t\t<div class=\"elementor-element elementor-element-766a71c elementor-widget elementor-widget-text-editor\" data-id=\"766a71c\" data-element_type=\"widget\" data-widget_type=\"text-editor.default\">\n\t\t\t\t<div class=\"elementor-widget-container\">\n\t\t\t\t\t\t\t\t\t<p class=\"MsoNormal\" style=\"margin-bottom: 0cm; line-height: 115%;\"><span style=\"font-family: 'Arial',sans-serif;\">Come\u00e7ou o m\u00eas de setembro e daqui a poucos dias, acontecer\u00e1 o primeiro turno das elei\u00e7\u00f5es gerais, no Brasil. Em 2026, os brasileiros e brasileiras v\u00e3o eleger um Presidente, 27 Governadores estaduais, 513 Deputados federais, 54 das 81 vagas para senadores, 1.035 deputados estaduais e 24 vagas para deputado distrital. Como l\u00edder classista e defensor das reivindica\u00e7\u00f5es dos servidores p\u00fablicos h\u00e1 mais de 20 anos, refor\u00e7o que votar n\u00e3o \u00e9 apenas um direito c\u00edvico; \u00e9 tamb\u00e9m uma ferramenta direta de transforma\u00e7\u00e3o e valoriza\u00e7\u00e3o da nossa categoria. \u00c9 salutar, portanto, que n\u00f3s, servidores p\u00fablicos &#8211; a espinha dorsal de qualquer Estado &#8211; estejamos atentos e prontos a discutir o voto consciente.<\/span><\/p>\n<p class=\"MsoNormal\" style=\"margin-bottom: 0cm; line-height: 115%;\"><span style=\"font-family: 'Arial',sans-serif;\">&nbsp;<\/span><\/p>\n<p class=\"MsoNormal\" style=\"margin-bottom: 0cm; line-height: 115%;\"><span style=\"font-family: 'Arial',sans-serif;\">Nas elei\u00e7\u00f5es que se avizinham, \u00e9 indispens\u00e1vel ir al\u00e9m do discurso gen\u00e9rico. Precisamos analisar criticamente o hist\u00f3rico, as bandeiras de luta e as propostas de cada candidato, especialmente daqueles que poder\u00e3o ocupar os cargos do Executivo e Legislativo. Digo especialmente esses porque eles estar\u00e3o mais pr\u00f3ximos em nosso dia a dia, enquanto servidores p\u00fablicos estaduais. S\u00e3o eles que precisar\u00e3o dialogar e abrir mesas de negocia\u00e7\u00e3o com os l\u00edderes classistas quando for preciso votar as pautas que defendemos em \u00e2mbitos como a jornada de trabalho, data-base, progress\u00f5es, entre outros. Busque refletir sobre como ser\u00e1 a composi\u00e7\u00e3o da Assembleia Legislativa, pois \u00e9 o Deputado Estadual quem aprova leis, reajustes, or\u00e7amentos e eventuais reformas administrativas. N\u00e3o contribua para o desmonte daquilo que j\u00e1 foi conquistado. <\/span><\/p>\n<p class=\"MsoNormal\" style=\"margin-bottom: 0cm; line-height: 115%;\"><span style=\"font-family: 'Arial',sans-serif;\">&nbsp;<\/span><\/p>\n<p class=\"MsoNormal\" style=\"margin-bottom: 0cm; line-height: 115%;\"><span style=\"font-family: 'Arial',sans-serif;\">Ao avaliar as \u00faltimas d\u00e9cadas, posso afirmar que muitas coisas mudaram em nosso pa\u00eds e em nossos Estados. Houve avan\u00e7os, mas tamb\u00e9m retrocessos. No Tocantins, n\u00e3o h\u00e1 como n\u00e3o mencionar o reajuste de 25% e o pagamento do \u00edndice da data-base. <span style=\"color: #242222; background-image: initial; background-position: initial; background-size: initial; background-repeat: initial; background-attachment: initial; background-origin: initial; background-clip: initial;\">Sobre o reajuste de 25%, cabe lembrar que, em 08 de fevereiro de 2023, a ADI 4013 transitou em julgado no Supremo Tribunal Federal (STF)<\/span><span style=\"color: #222222; border-width: 1pt; border-color: windowtext; padding: 0cm; background-image: initial; background-position: initial; background-size: initial; background-repeat: initial; background-attachment: initial; background-origin: initial; background-clip: initial;\">, e reconheceu como leg\u00edtimo o direito dos servidores p\u00fablicos do Quadro Geral e dos Profissionais da Sa\u00fade aos<b> 25%.<\/b> Ocorre que, at\u00e9 o presente momento, o Governo do Tocantins n\u00e3o cumpriu a decis\u00e3o do STF e n\u00e3o implementou o direito aos 25% no contracheque do servidor p\u00fablico. Quanto \u00e0 data-base, \u00e9 importante destacar que h\u00e1 muito tempo, o servidor efetivo n\u00e3o tem a corre\u00e7\u00e3o das perdas inflacion\u00e1rias devidamente realizada em seu contracheque, pois, a aplica\u00e7\u00e3o do \u00edndice n\u00e3o tem sido feito de forma integral, ou seja, considerando todo o percentual acumulado no per\u00edodo. <\/span>S\u00e3o tantas as situa\u00e7\u00f5es, que n\u00e3o d\u00e1 para o servidor votar desprovido de ampla reflex\u00e3o. <\/span><\/p>\n<p class=\"MsoNormal\" style=\"margin-bottom: 0cm; line-height: 115%;\"><span style=\"font-family: 'Arial',sans-serif;\">&nbsp;<\/span><\/p>\n<p class=\"MsoNormal\" style=\"margin-bottom: 0cm; line-height: 115%;\"><span style=\"font-family: 'Arial',sans-serif;\">\u00c9 preciso estar atento. Votar de forma consciente em 2026 \u00e9 assegurar que o servi\u00e7o p\u00fablico continue cumprindo o seu papel junto \u00e0 sociedade. Voc\u00ea precisar\u00e1 identificar AGORA os candidatos que enxergam o servidor p\u00fablico como investimento para a sociedade e os que tratam a nossa categoria apenas como um custo a ser cortado do Or\u00e7amento. Examine, converse, informe-se. N\u00e3o se deixe guiar por paix\u00f5es pol\u00edticas e exer\u00e7a seu direito de votar de forma l\u00facida. N\u00f3s, servidores p\u00fablicos efetivos, caso n\u00e3o compreendamos a for\u00e7a do nosso voto, teremos grandes problemas pela frente. Quando estiver diante da urna eletr\u00f4nica, pense tamb\u00e9m em sua categoria. Vote pela valoriza\u00e7\u00e3o e contra todo o desmonte e retrocesso. <\/span><\/p>\n<p class=\"MsoNormal\" style=\"margin-bottom: 0cm; line-height: 115%;\"><span style=\"font-family: 'Arial',sans-serif;\">&nbsp;<\/span><\/p>\n<p class=\"MsoNormal\" style=\"margin-bottom: 0cm; line-height: 115%;\"><b><i><span style=\"font-family: 'Arial',sans-serif;\">POR CLEITON PINHEIRO:&nbsp;<\/span><\/i><\/b><i><span style=\"font-family: 'Arial',sans-serif;\">Presidente da AJUSP-TO e pioneiro na defesa dos direitos dos servidores p\u00fablicos tocantinenses<\/span><\/i><\/p>\t\t\t\t\t\t\t\t<\/div>\n\t\t\t\t<\/div>\n\t\t\t\t\t<\/div>\n\t\t<\/div>\n\t\t\t\t\t<\/div>\n\t\t<\/section>\n\t\t\t\t<\/div>\n\t\t","protected":false},"excerpt":{"rendered":"<p>Come\u00e7ou o m\u00eas de setembro e daqui a poucos dias, acontecer\u00e1 o primeiro turno das elei\u00e7\u00f5es gerais, no Brasil. Em 2026, os brasileiros e brasileiras v\u00e3o eleger um Presidente, 27 Governadores estaduais, 513 Deputados federais, 54 das 81 vagas para senadores, 1.035 deputados estaduais e 24 vagas para deputado distrital. Como l\u00edder classista e defensor [&hellip;]<\/p>\n","protected":false},"author":5,"featured_media":1401,"comment_status":"open","ping_status":"open","sticky":false,"template":"","format":"standard","meta":{"_jetpack_memberships_contains_paid_content":false,"footnotes":""},"categories":[8,3,175,1],"tags":[17,302,537,217,538],"class_list":["post-2855","post","type-post","status-publish","format-standard","has-post-thumbnail","hentry","category-atuacao","category-destaques","category-noticias","category-sem-categoria","tag-cleiton-pinheiro","tag-eleicoes","tag-eleicoes-2026","tag-palavra-do-presidente","tag-voto"],"jetpack_sharing_enabled":true,"jetpack_featured_media_url":"https:\/\/i0.wp.com\/ajuspto.com.br\/portal\/wp-content\/uploads\/2024\/09\/PERFIL-CLEITON-PINHEIRO.png?fit=1080%2C1080&ssl=1","amp_enabled":true,"_links":{"self":[{"href":"https:\/\/ajuspto.com.br\/portal\/wp-json\/wp\/v2\/posts\/2855","targetHints":{"allow":["GET"]}}],"collection":[{"href":"https:\/\/ajuspto.com.br\/portal\/wp-json\/wp\/v2\/posts"}],"about":[{"href":"https:\/\/ajuspto.com.br\/portal\/wp-json\/wp\/v2\/types\/post"}],"author":[{"embeddable":true,"href":"https:\/\/ajuspto.com.br\/portal\/wp-json\/wp\/v2\/users\/5"}],"replies":[{"embeddable":true,"href":"https:\/\/ajuspto.com.br\/portal\/wp-json\/wp\/v2\/comments?post=2855"}],"version-history":[{"count":4,"href":"https:\/\/ajuspto.com.br\/portal\/wp-json\/wp\/v2\/posts\/2855\/revisions"}],"predecessor-version":[{"id":2859,"href":"https:\/\/ajuspto.com.br\/portal\/wp-json\/wp\/v2\/posts\/2855\/revisions\/2859"}],"wp:featuredmedia":[{"embeddable":true,"href":"https:\/\/ajuspto.com.br\/portal\/wp-json\/wp\/v2\/media\/1401"}],"wp:attachment":[{"href":"https:\/\/ajuspto.com.br\/portal\/wp-json\/wp\/v2\/media?parent=2855"}],"wp:term":[{"taxonomy":"category","embeddable":true,"href":"https:\/\/ajuspto.com.br\/portal\/wp-json\/wp\/v2\/categories?post=2855"},{"taxonomy":"post_tag","embeddable":true,"href":"https:\/\/ajuspto.com.br\/portal\/wp-json\/wp\/v2\/tags?post=2855"}],"curies":[{"name":"wp","href":"https:\/\/api.w.org\/{rel}","templated":true}]}}